{"id":25726,"date":"2026-03-09T22:06:14","date_gmt":"2026-03-09T21:06:14","guid":{"rendered":"https:\/\/cei.org.al\/?p=25726"},"modified":"2026-03-09T22:06:16","modified_gmt":"2026-03-09T21:06:16","slug":"ndikimi-i-dezinformimit-ne-grupet-e-te-mbijetuarve-te-dhunes-nga-zonat-rurale-dhe-komuniteti-rom","status":"publish","type":"post","link":"https:\/\/cei.org.al\/?p=25726","title":{"rendered":"Ndikimi i dezinformimit n\u00eb grupet e te mbijetuarve te dhunes nga zonat rurale dhe komuniteti rom"},"content":{"rendered":"\n<p>Dezinformimi ka nj\u00eb ndikim t\u00eb r\u00ebnd\u00eb tek t\u00eb mbijetuarat e dhun\u00ebs n\u00eb familje dhe komuniteti rom, duke forcuar stigm\u00ebn dhe p\u00ebrjashtimin shoq\u00ebror. N\u00eb k\u00ebt\u00eb postim gjeni dy histori t\u00eb ndikuara nga lajme t\u00eb pasakta dhe dy intervista q\u00eb pasqyrojn\u00eb realitetin e v\u00ebshtir\u00eb t\u00eb t\u00eb mbijetuarave dhe p\u00ebrpjekjet e tyre p\u00ebr t\u2019u p\u00ebrballur me stigmat dhe diskriminimin. Mediat duhet t\u00eb sigurojn\u00eb informacione t\u00eb sakta dhe t\u00eb verifikohen me burime t\u00eb besueshme p\u00ebr t\u00eb kontribuar n\u00eb nj\u00eb shoq\u00ebri m\u00eb t\u00eb drejt\u00eb dhe mb\u00ebshtet\u00ebse.<\/p>\n\n\n\n<p>Qendra p\u00ebr Barazi dhe P\u00ebrfshirje \u00ebsht\u00eb pjes\u00eb e projektit &#8220;Rruga drejt Narrativeve P\u00ebrfshir\u00ebse,&#8221; i zbatuar nga ALF, q\u00eb ka p\u00ebr q\u00ebllim luftimin e p\u00ebrhapjes s\u00eb dezinformatave dhe keqinformimit n\u00eb vendet e p\u00ebrzgjedhura t\u00eb Euro-Mesdheut.<\/p>\n\n\n\n<p>T\u2019i japim fund dezinformatave p\u00ebrpara se t\u00eb fillojn\u00eb<\/p>\n\n\n\n<p><a href=\"https:\/\/www.facebook.com\/hashtag\/fillonmety?__eep__=6&amp;__cft__[0]=AZbkQkjx6XcteHgXV_2-voREE5dYnL8xAPUGGfDh9VEZhVT6-ZtV9gfRXEsVSqI2eKWIqse_ml7cQVZtoGiaui-P8Xw0g0zfXNym1gOv6nMNVMl8grab1qeAr1oX6JUXBkpScDqYH-sBuTJIGewDPtrdFeeWSPZy2T27HdI4gSmTBJrFHJzFbgWhH3Lw9O2EWc3NWrwabFYI6VoGwOQTRgTE&amp;__tn__=*NK-R\">#FillonMeTy<\/a>.<\/p>\n\n\n\n<p><a href=\"https:\/\/www.facebook.com\/annalindhfoundation?__cft__[0]=AZbkQkjx6XcteHgXV_2-voREE5dYnL8xAPUGGfDh9VEZhVT6-ZtV9gfRXEsVSqI2eKWIqse_ml7cQVZtoGiaui-P8Xw0g0zfXNym1gOv6nMNVMl8grab1qeAr1oX6JUXBkpScDqYH-sBuTJIGewDPtrdFeeWSPZy2T27HdI4gSmTBJrFHJzFbgWhH3Lw9O2EWc3NWrwabFYI6VoGwOQTRgTE&amp;__tn__=-]K-R\">Anna Lindh Foundation<\/a><\/p>\n\n\n\n<figure class=\"wp-block-gallery has-nested-images columns-default is-cropped wp-block-gallery-1 is-layout-flex wp-block-gallery-is-layout-flex\">\n<figure class=\"wp-block-image size-large\"><img fetchpriority=\"high\" decoding=\"async\" width=\"724\" height=\"1024\" data-id=\"25734\" src=\"https:\/\/cei.org.al\/wp-content\/uploads\/2026\/03\/6-2-724x1024.jpg\" alt=\"\" class=\"wp-image-25734\" srcset=\"https:\/\/cei.org.al\/wp-content\/uploads\/2026\/03\/6-2-724x1024.jpg 724w, https:\/\/cei.org.al\/wp-content\/uploads\/2026\/03\/6-2-212x300.jpg 212w, https:\/\/cei.org.al\/wp-content\/uploads\/2026\/03\/6-2-768x1086.jpg 768w, https:\/\/cei.org.al\/wp-content\/uploads\/2026\/03\/6-2-1086x1536.jpg 1086w, https:\/\/cei.org.al\/wp-content\/uploads\/2026\/03\/6-2.jpg 1414w\" sizes=\"(max-width: 724px) 100vw, 724px\" \/><\/figure>\n\n\n\n<figure class=\"wp-block-image size-large\"><img decoding=\"async\" width=\"724\" height=\"1024\" data-id=\"25732\" src=\"https:\/\/cei.org.al\/wp-content\/uploads\/2026\/03\/6-3-724x1024.jpg\" alt=\"\" class=\"wp-image-25732\" srcset=\"https:\/\/cei.org.al\/wp-content\/uploads\/2026\/03\/6-3-724x1024.jpg 724w, https:\/\/cei.org.al\/wp-content\/uploads\/2026\/03\/6-3-212x300.jpg 212w, https:\/\/cei.org.al\/wp-content\/uploads\/2026\/03\/6-3-768x1086.jpg 768w, https:\/\/cei.org.al\/wp-content\/uploads\/2026\/03\/6-3-1086x1536.jpg 1086w, https:\/\/cei.org.al\/wp-content\/uploads\/2026\/03\/6-3.jpg 1414w\" sizes=\"(max-width: 724px) 100vw, 724px\" \/><\/figure>\n\n\n\n<figure class=\"wp-block-image size-large\"><img decoding=\"async\" width=\"724\" height=\"1024\" data-id=\"25729\" src=\"https:\/\/cei.org.al\/wp-content\/uploads\/2026\/03\/6-4-724x1024.jpg\" alt=\"\" class=\"wp-image-25729\" srcset=\"https:\/\/cei.org.al\/wp-content\/uploads\/2026\/03\/6-4-724x1024.jpg 724w, https:\/\/cei.org.al\/wp-content\/uploads\/2026\/03\/6-4-212x300.jpg 212w, https:\/\/cei.org.al\/wp-content\/uploads\/2026\/03\/6-4-768x1086.jpg 768w, https:\/\/cei.org.al\/wp-content\/uploads\/2026\/03\/6-4-1086x1536.jpg 1086w, https:\/\/cei.org.al\/wp-content\/uploads\/2026\/03\/6-4.jpg 1414w\" sizes=\"(max-width: 724px) 100vw, 724px\" \/><\/figure>\n\n\n\n<figure class=\"wp-block-image size-large\"><img loading=\"lazy\" decoding=\"async\" width=\"724\" height=\"1024\" data-id=\"25731\" src=\"https:\/\/cei.org.al\/wp-content\/uploads\/2026\/03\/6-5-724x1024.jpg\" alt=\"\" class=\"wp-image-25731\" srcset=\"https:\/\/cei.org.al\/wp-content\/uploads\/2026\/03\/6-5-724x1024.jpg 724w, https:\/\/cei.org.al\/wp-content\/uploads\/2026\/03\/6-5-212x300.jpg 212w, https:\/\/cei.org.al\/wp-content\/uploads\/2026\/03\/6-5-768x1086.jpg 768w, https:\/\/cei.org.al\/wp-content\/uploads\/2026\/03\/6-5-1086x1536.jpg 1086w, https:\/\/cei.org.al\/wp-content\/uploads\/2026\/03\/6-5.jpg 1414w\" sizes=\"(max-width: 724px) 100vw, 724px\" \/><\/figure>\n\n\n\n<figure class=\"wp-block-image size-large\"><img loading=\"lazy\" decoding=\"async\" width=\"724\" height=\"1024\" data-id=\"25728\" src=\"https:\/\/cei.org.al\/wp-content\/uploads\/2026\/03\/6-6-724x1024.jpg\" alt=\"\" class=\"wp-image-25728\" srcset=\"https:\/\/cei.org.al\/wp-content\/uploads\/2026\/03\/6-6-724x1024.jpg 724w, https:\/\/cei.org.al\/wp-content\/uploads\/2026\/03\/6-6-212x300.jpg 212w, https:\/\/cei.org.al\/wp-content\/uploads\/2026\/03\/6-6-768x1086.jpg 768w, https:\/\/cei.org.al\/wp-content\/uploads\/2026\/03\/6-6-1086x1536.jpg 1086w, https:\/\/cei.org.al\/wp-content\/uploads\/2026\/03\/6-6.jpg 1414w\" sizes=\"(max-width: 724px) 100vw, 724px\" \/><\/figure>\n\n\n\n<figure class=\"wp-block-image size-large\"><img loading=\"lazy\" decoding=\"async\" width=\"724\" height=\"1024\" data-id=\"25730\" src=\"https:\/\/cei.org.al\/wp-content\/uploads\/2026\/03\/6-7-724x1024.jpg\" alt=\"\" class=\"wp-image-25730\" srcset=\"https:\/\/cei.org.al\/wp-content\/uploads\/2026\/03\/6-7-724x1024.jpg 724w, https:\/\/cei.org.al\/wp-content\/uploads\/2026\/03\/6-7-212x300.jpg 212w, https:\/\/cei.org.al\/wp-content\/uploads\/2026\/03\/6-7-768x1086.jpg 768w, https:\/\/cei.org.al\/wp-content\/uploads\/2026\/03\/6-7-1086x1536.jpg 1086w, https:\/\/cei.org.al\/wp-content\/uploads\/2026\/03\/6-7.jpg 1414w\" sizes=\"(max-width: 724px) 100vw, 724px\" \/><\/figure>\n\n\n\n<figure class=\"wp-block-image size-large\"><img loading=\"lazy\" decoding=\"async\" width=\"724\" height=\"1024\" data-id=\"25733\" src=\"https:\/\/cei.org.al\/wp-content\/uploads\/2026\/03\/6-8-724x1024.jpg\" alt=\"\" class=\"wp-image-25733\" srcset=\"https:\/\/cei.org.al\/wp-content\/uploads\/2026\/03\/6-8-724x1024.jpg 724w, https:\/\/cei.org.al\/wp-content\/uploads\/2026\/03\/6-8-212x300.jpg 212w, https:\/\/cei.org.al\/wp-content\/uploads\/2026\/03\/6-8-768x1086.jpg 768w, https:\/\/cei.org.al\/wp-content\/uploads\/2026\/03\/6-8-1086x1536.jpg 1086w, https:\/\/cei.org.al\/wp-content\/uploads\/2026\/03\/6-8.jpg 1414w\" sizes=\"(max-width: 724px) 100vw, 724px\" \/><\/figure>\n<\/figure>\n","protected":false},"excerpt":{"rendered":"<p>Dezinformimi ka nj\u00eb ndikim t\u00eb r\u00ebnd\u00eb tek t\u00eb mbijetuarat e dhun\u00ebs n\u00eb familje dhe komuniteti rom, duke forcuar stigm\u00ebn dhe p\u00ebrjashtimin shoq\u00ebror. N\u00eb k\u00ebt\u00eb postim gjeni dy histori t\u00eb ndikuara [&hellip;]<\/p>\n","protected":false},"author":1,"featured_media":25727,"comment_status":"open","ping_status":"open","sticky":false,"template":"","format":"standard","meta":{"footnotes":""},"categories":[330],"tags":[],"class_list":["post-25726","post","type-post","status-publish","format-standard","has-post-thumbnail","hentry","category-anna-lindh-foundation","entry"],"yoast_head":"<!-- This site is optimized with the Yoast SEO plugin v27.3 - https:\/\/yoast.com\/product\/yoast-seo-wordpress\/ -->\n<title>Ndikimi i dezinformimit n\u00eb grupet e te mbijetuarve te dhunes nga zonat rurale dhe komuniteti rom - Center for Equality &amp; Inclusion | Q\u00ebndra p\u00ebr Barazi &amp; P\u00ebrfshirje<\/title>\n<meta name=\"robots\" content=\"noindex, follow, max-snippet:-1, max-image-preview:large, max-video-preview:-1\" \/>\n<meta property=\"og:locale\" content=\"en_US\" \/>\n<meta property=\"og:type\" content=\"article\" \/>\n<meta property=\"og:title\" content=\"Ndikimi i dezinformimit n\u00eb grupet e te mbijetuarve te dhunes nga zonat rurale dhe komuniteti rom - Center for Equality &amp; Inclusion | Q\u00ebndra p\u00ebr Barazi &amp; P\u00ebrfshirje\" \/>\n<meta property=\"og:description\" content=\"Dezinformimi ka nj\u00eb ndikim t\u00eb r\u00ebnd\u00eb tek t\u00eb mbijetuarat e dhun\u00ebs n\u00eb familje dhe komuniteti rom, duke forcuar stigm\u00ebn dhe p\u00ebrjashtimin shoq\u00ebror. N\u00eb k\u00ebt\u00eb postim gjeni dy histori t\u00eb ndikuara [&hellip;]\" \/>\n<meta property=\"og:url\" content=\"https:\/\/cei.org.al\/?p=25726\" \/>\n<meta property=\"og:site_name\" content=\"Center for Equality &amp; Inclusion | Q\u00ebndra p\u00ebr Barazi &amp; P\u00ebrfshirje\" \/>\n<meta property=\"article:published_time\" content=\"2026-03-09T21:06:14+00:00\" \/>\n<meta property=\"article:modified_time\" content=\"2026-03-09T21:06:16+00:00\" \/>\n<meta property=\"og:image\" content=\"https:\/\/cei.org.al\/wp-content\/uploads\/2026\/03\/6-1-1.jpg\" \/>\n\t<meta property=\"og:image:width\" content=\"1414\" \/>\n\t<meta property=\"og:image:height\" content=\"2000\" \/>\n\t<meta property=\"og:image:type\" content=\"image\/jpeg\" \/>\n<meta name=\"author\" content=\"ncobo\" \/>\n<meta name=\"twitter:card\" content=\"summary_large_image\" \/>\n<meta name=\"twitter:label1\" content=\"Written by\" \/>\n\t<meta name=\"twitter:data1\" content=\"ncobo\" \/>\n\t<meta name=\"twitter:label2\" content=\"Est. reading time\" \/>\n\t<meta name=\"twitter:data2\" content=\"3 minutes\" \/>\n<script type=\"application\/ld+json\" class=\"yoast-schema-graph\">{\"@context\":\"https:\\\/\\\/schema.org\",\"@graph\":[{\"@type\":\"Article\",\"@id\":\"https:\\\/\\\/cei.org.al\\\/?p=25726#article\",\"isPartOf\":{\"@id\":\"https:\\\/\\\/cei.org.al\\\/?p=25726\"},\"author\":{\"name\":\"ncobo\",\"@id\":\"https:\\\/\\\/cei.org.al\\\/#\\\/schema\\\/person\\\/fecd0ed146f20ec543ad962e0d016de5\"},\"headline\":\"Ndikimi i dezinformimit n\u00eb grupet e te mbijetuarve te dhunes nga zonat rurale dhe komuniteti rom\",\"datePublished\":\"2026-03-09T21:06:14+00:00\",\"dateModified\":\"2026-03-09T21:06:16+00:00\",\"mainEntityOfPage\":{\"@id\":\"https:\\\/\\\/cei.org.al\\\/?p=25726\"},\"wordCount\":168,\"commentCount\":0,\"publisher\":{\"@id\":\"https:\\\/\\\/cei.org.al\\\/#organization\"},\"image\":{\"@id\":\"https:\\\/\\\/cei.org.al\\\/?p=25726#primaryimage\"},\"thumbnailUrl\":\"https:\\\/\\\/cei.org.al\\\/wp-content\\\/uploads\\\/2026\\\/03\\\/6-1-1.jpg\",\"articleSection\":[\"Anna Lindh Foundation\"],\"inLanguage\":\"en-US\"},{\"@type\":\"WebPage\",\"@id\":\"https:\\\/\\\/cei.org.al\\\/?p=25726\",\"url\":\"https:\\\/\\\/cei.org.al\\\/?p=25726\",\"name\":\"Ndikimi i dezinformimit n\u00eb grupet e te mbijetuarve te dhunes nga zonat rurale dhe komuniteti rom - Center for Equality &amp; Inclusion | Q\u00ebndra p\u00ebr Barazi &amp; P\u00ebrfshirje\",\"isPartOf\":{\"@id\":\"https:\\\/\\\/cei.org.al\\\/#website\"},\"primaryImageOfPage\":{\"@id\":\"https:\\\/\\\/cei.org.al\\\/?p=25726#primaryimage\"},\"image\":{\"@id\":\"https:\\\/\\\/cei.org.al\\\/?p=25726#primaryimage\"},\"thumbnailUrl\":\"https:\\\/\\\/cei.org.al\\\/wp-content\\\/uploads\\\/2026\\\/03\\\/6-1-1.jpg\",\"datePublished\":\"2026-03-09T21:06:14+00:00\",\"dateModified\":\"2026-03-09T21:06:16+00:00\",\"breadcrumb\":{\"@id\":\"https:\\\/\\\/cei.org.al\\\/?p=25726#breadcrumb\"},\"inLanguage\":\"en-US\",\"potentialAction\":[{\"@type\":\"ReadAction\",\"target\":[\"https:\\\/\\\/cei.org.al\\\/?p=25726\"]}]},{\"@type\":\"ImageObject\",\"inLanguage\":\"en-US\",\"@id\":\"https:\\\/\\\/cei.org.al\\\/?p=25726#primaryimage\",\"url\":\"https:\\\/\\\/cei.org.al\\\/wp-content\\\/uploads\\\/2026\\\/03\\\/6-1-1.jpg\",\"contentUrl\":\"https:\\\/\\\/cei.org.al\\\/wp-content\\\/uploads\\\/2026\\\/03\\\/6-1-1.jpg\",\"width\":1414,\"height\":2000},{\"@type\":\"BreadcrumbList\",\"@id\":\"https:\\\/\\\/cei.org.al\\\/?p=25726#breadcrumb\",\"itemListElement\":[{\"@type\":\"ListItem\",\"position\":1,\"name\":\"Home\"},{\"@type\":\"ListItem\",\"position\":2,\"name\":\"Ndikimi i dezinformimit n\u00eb grupet e te mbijetuarve te dhunes nga zonat rurale dhe komuniteti rom\"}]},{\"@type\":\"WebSite\",\"@id\":\"https:\\\/\\\/cei.org.al\\\/#website\",\"url\":\"https:\\\/\\\/cei.org.al\\\/\",\"name\":\"Center for Equality &amp; Inclusion | Q\u00ebndra p\u00ebr Barazi &amp; P\u00ebrfshirje\",\"description\":\"NGO\",\"publisher\":{\"@id\":\"https:\\\/\\\/cei.org.al\\\/#organization\"},\"potentialAction\":[{\"@type\":\"SearchAction\",\"target\":{\"@type\":\"EntryPoint\",\"urlTemplate\":\"https:\\\/\\\/cei.org.al\\\/?s={search_term_string}\"},\"query-input\":{\"@type\":\"PropertyValueSpecification\",\"valueRequired\":true,\"valueName\":\"search_term_string\"}}],\"inLanguage\":\"en-US\"},{\"@type\":\"Organization\",\"@id\":\"https:\\\/\\\/cei.org.al\\\/#organization\",\"name\":\"Center for Equality &amp; Inclusion | Q\u00ebndra p\u00ebr Barazi &amp; P\u00ebrfshirje\",\"url\":\"https:\\\/\\\/cei.org.al\\\/\",\"logo\":{\"@type\":\"ImageObject\",\"inLanguage\":\"en-US\",\"@id\":\"https:\\\/\\\/cei.org.al\\\/#\\\/schema\\\/logo\\\/image\\\/\",\"url\":\"https:\\\/\\\/cei.org.al\\\/wp-content\\\/uploads\\\/2026\\\/03\\\/cropped-cropped-IMG_9163.png\",\"contentUrl\":\"https:\\\/\\\/cei.org.al\\\/wp-content\\\/uploads\\\/2026\\\/03\\\/cropped-cropped-IMG_9163.png\",\"width\":1543,\"height\":472,\"caption\":\"Center for Equality &amp; Inclusion | Q\u00ebndra p\u00ebr Barazi &amp; P\u00ebrfshirje\"},\"image\":{\"@id\":\"https:\\\/\\\/cei.org.al\\\/#\\\/schema\\\/logo\\\/image\\\/\"}},{\"@type\":\"Person\",\"@id\":\"https:\\\/\\\/cei.org.al\\\/#\\\/schema\\\/person\\\/fecd0ed146f20ec543ad962e0d016de5\",\"name\":\"ncobo\",\"image\":{\"@type\":\"ImageObject\",\"inLanguage\":\"en-US\",\"@id\":\"https:\\\/\\\/secure.gravatar.com\\\/avatar\\\/600eca7f0068e5f6c06599ee10eeee94e6d47c265b3dcaef6b5be48bbdd77253?s=96&d=blank&r=g\",\"url\":\"https:\\\/\\\/secure.gravatar.com\\\/avatar\\\/600eca7f0068e5f6c06599ee10eeee94e6d47c265b3dcaef6b5be48bbdd77253?s=96&d=blank&r=g\",\"contentUrl\":\"https:\\\/\\\/secure.gravatar.com\\\/avatar\\\/600eca7f0068e5f6c06599ee10eeee94e6d47c265b3dcaef6b5be48bbdd77253?s=96&d=blank&r=g\",\"caption\":\"ncobo\"},\"sameAs\":[\"https:\\\/\\\/cei.org.al\"],\"url\":\"https:\\\/\\\/cei.org.al\\\/?author=1\"}]}<\/script>\n<!-- \/ Yoast SEO plugin. -->","yoast_head_json":{"title":"Ndikimi i dezinformimit n\u00eb grupet e te mbijetuarve te dhunes nga zonat rurale dhe komuniteti rom - Center for Equality &amp; Inclusion | Q\u00ebndra p\u00ebr Barazi &amp; P\u00ebrfshirje","robots":{"index":"noindex","follow":"follow","max-snippet":"max-snippet:-1","max-image-preview":"max-image-preview:large","max-video-preview":"max-video-preview:-1"},"og_locale":"en_US","og_type":"article","og_title":"Ndikimi i dezinformimit n\u00eb grupet e te mbijetuarve te dhunes nga zonat rurale dhe komuniteti rom - Center for Equality &amp; Inclusion | Q\u00ebndra p\u00ebr Barazi &amp; P\u00ebrfshirje","og_description":"Dezinformimi ka nj\u00eb ndikim t\u00eb r\u00ebnd\u00eb tek t\u00eb mbijetuarat e dhun\u00ebs n\u00eb familje dhe komuniteti rom, duke forcuar stigm\u00ebn dhe p\u00ebrjashtimin shoq\u00ebror. N\u00eb k\u00ebt\u00eb postim gjeni dy histori t\u00eb ndikuara [&hellip;]","og_url":"https:\/\/cei.org.al\/?p=25726","og_site_name":"Center for Equality &amp; Inclusion | Q\u00ebndra p\u00ebr Barazi &amp; P\u00ebrfshirje","article_published_time":"2026-03-09T21:06:14+00:00","article_modified_time":"2026-03-09T21:06:16+00:00","og_image":[{"width":1414,"height":2000,"url":"https:\/\/cei.org.al\/wp-content\/uploads\/2026\/03\/6-1-1.jpg","type":"image\/jpeg"}],"author":"ncobo","twitter_card":"summary_large_image","twitter_misc":{"Written by":"ncobo","Est. reading time":"3 minutes"},"schema":{"@context":"https:\/\/schema.org","@graph":[{"@type":"Article","@id":"https:\/\/cei.org.al\/?p=25726#article","isPartOf":{"@id":"https:\/\/cei.org.al\/?p=25726"},"author":{"name":"ncobo","@id":"https:\/\/cei.org.al\/#\/schema\/person\/fecd0ed146f20ec543ad962e0d016de5"},"headline":"Ndikimi i dezinformimit n\u00eb grupet e te mbijetuarve te dhunes nga zonat rurale dhe komuniteti rom","datePublished":"2026-03-09T21:06:14+00:00","dateModified":"2026-03-09T21:06:16+00:00","mainEntityOfPage":{"@id":"https:\/\/cei.org.al\/?p=25726"},"wordCount":168,"commentCount":0,"publisher":{"@id":"https:\/\/cei.org.al\/#organization"},"image":{"@id":"https:\/\/cei.org.al\/?p=25726#primaryimage"},"thumbnailUrl":"https:\/\/cei.org.al\/wp-content\/uploads\/2026\/03\/6-1-1.jpg","articleSection":["Anna Lindh Foundation"],"inLanguage":"en-US"},{"@type":"WebPage","@id":"https:\/\/cei.org.al\/?p=25726","url":"https:\/\/cei.org.al\/?p=25726","name":"Ndikimi i dezinformimit n\u00eb grupet e te mbijetuarve te dhunes nga zonat rurale dhe komuniteti rom - Center for Equality &amp; Inclusion | Q\u00ebndra p\u00ebr Barazi &amp; P\u00ebrfshirje","isPartOf":{"@id":"https:\/\/cei.org.al\/#website"},"primaryImageOfPage":{"@id":"https:\/\/cei.org.al\/?p=25726#primaryimage"},"image":{"@id":"https:\/\/cei.org.al\/?p=25726#primaryimage"},"thumbnailUrl":"https:\/\/cei.org.al\/wp-content\/uploads\/2026\/03\/6-1-1.jpg","datePublished":"2026-03-09T21:06:14+00:00","dateModified":"2026-03-09T21:06:16+00:00","breadcrumb":{"@id":"https:\/\/cei.org.al\/?p=25726#breadcrumb"},"inLanguage":"en-US","potentialAction":[{"@type":"ReadAction","target":["https:\/\/cei.org.al\/?p=25726"]}]},{"@type":"ImageObject","inLanguage":"en-US","@id":"https:\/\/cei.org.al\/?p=25726#primaryimage","url":"https:\/\/cei.org.al\/wp-content\/uploads\/2026\/03\/6-1-1.jpg","contentUrl":"https:\/\/cei.org.al\/wp-content\/uploads\/2026\/03\/6-1-1.jpg","width":1414,"height":2000},{"@type":"BreadcrumbList","@id":"https:\/\/cei.org.al\/?p=25726#breadcrumb","itemListElement":[{"@type":"ListItem","position":1,"name":"Home"},{"@type":"ListItem","position":2,"name":"Ndikimi i dezinformimit n\u00eb grupet e te mbijetuarve te dhunes nga zonat rurale dhe komuniteti rom"}]},{"@type":"WebSite","@id":"https:\/\/cei.org.al\/#website","url":"https:\/\/cei.org.al\/","name":"Center for Equality &amp; Inclusion | Q\u00ebndra p\u00ebr Barazi &amp; P\u00ebrfshirje","description":"NGO","publisher":{"@id":"https:\/\/cei.org.al\/#organization"},"potentialAction":[{"@type":"SearchAction","target":{"@type":"EntryPoint","urlTemplate":"https:\/\/cei.org.al\/?s={search_term_string}"},"query-input":{"@type":"PropertyValueSpecification","valueRequired":true,"valueName":"search_term_string"}}],"inLanguage":"en-US"},{"@type":"Organization","@id":"https:\/\/cei.org.al\/#organization","name":"Center for Equality &amp; Inclusion | Q\u00ebndra p\u00ebr Barazi &amp; P\u00ebrfshirje","url":"https:\/\/cei.org.al\/","logo":{"@type":"ImageObject","inLanguage":"en-US","@id":"https:\/\/cei.org.al\/#\/schema\/logo\/image\/","url":"https:\/\/cei.org.al\/wp-content\/uploads\/2026\/03\/cropped-cropped-IMG_9163.png","contentUrl":"https:\/\/cei.org.al\/wp-content\/uploads\/2026\/03\/cropped-cropped-IMG_9163.png","width":1543,"height":472,"caption":"Center for Equality &amp; Inclusion | Q\u00ebndra p\u00ebr Barazi &amp; P\u00ebrfshirje"},"image":{"@id":"https:\/\/cei.org.al\/#\/schema\/logo\/image\/"}},{"@type":"Person","@id":"https:\/\/cei.org.al\/#\/schema\/person\/fecd0ed146f20ec543ad962e0d016de5","name":"ncobo","image":{"@type":"ImageObject","inLanguage":"en-US","@id":"https:\/\/secure.gravatar.com\/avatar\/600eca7f0068e5f6c06599ee10eeee94e6d47c265b3dcaef6b5be48bbdd77253?s=96&d=blank&r=g","url":"https:\/\/secure.gravatar.com\/avatar\/600eca7f0068e5f6c06599ee10eeee94e6d47c265b3dcaef6b5be48bbdd77253?s=96&d=blank&r=g","contentUrl":"https:\/\/secure.gravatar.com\/avatar\/600eca7f0068e5f6c06599ee10eeee94e6d47c265b3dcaef6b5be48bbdd77253?s=96&d=blank&r=g","caption":"ncobo"},"sameAs":["https:\/\/cei.org.al"],"url":"https:\/\/cei.org.al\/?author=1"}]}},"_links":{"self":[{"href":"https:\/\/cei.org.al\/index.php?rest_route=\/wp\/v2\/posts\/25726","targetHints":{"allow":["GET"]}}],"collection":[{"href":"https:\/\/cei.org.al\/index.php?rest_route=\/wp\/v2\/posts"}],"about":[{"href":"https:\/\/cei.org.al\/index.php?rest_route=\/wp\/v2\/types\/post"}],"author":[{"embeddable":true,"href":"https:\/\/cei.org.al\/index.php?rest_route=\/wp\/v2\/users\/1"}],"replies":[{"embeddable":true,"href":"https:\/\/cei.org.al\/index.php?rest_route=%2Fwp%2Fv2%2Fcomments&post=25726"}],"version-history":[{"count":1,"href":"https:\/\/cei.org.al\/index.php?rest_route=\/wp\/v2\/posts\/25726\/revisions"}],"predecessor-version":[{"id":25735,"href":"https:\/\/cei.org.al\/index.php?rest_route=\/wp\/v2\/posts\/25726\/revisions\/25735"}],"wp:featuredmedia":[{"embeddable":true,"href":"https:\/\/cei.org.al\/index.php?rest_route=\/wp\/v2\/media\/25727"}],"wp:attachment":[{"href":"https:\/\/cei.org.al\/index.php?rest_route=%2Fwp%2Fv2%2Fmedia&parent=25726"}],"wp:term":[{"taxonomy":"category","embeddable":true,"href":"https:\/\/cei.org.al\/index.php?rest_route=%2Fwp%2Fv2%2Fcategories&post=25726"},{"taxonomy":"post_tag","embeddable":true,"href":"https:\/\/cei.org.al\/index.php?rest_route=%2Fwp%2Fv2%2Ftags&post=25726"}],"curies":[{"name":"wp","href":"https:\/\/api.w.org\/{rel}","templated":true}]}}